{"id":294,"date":"2025-05-09T10:55:29","date_gmt":"2025-05-09T08:55:29","guid":{"rendered":"https:\/\/orendelsall.de\/?p=294"},"modified":"2025-05-09T11:00:06","modified_gmt":"2025-05-09T09:00:06","slug":"maibaumstellen-2025-in-orendelsall","status":"publish","type":"post","link":"https:\/\/orendelsall.de\/index.php\/2025\/05\/09\/maibaumstellen-2025-in-orendelsall\/","title":{"rendered":"Maibaumstellen 2025  in Orendelsall"},"content":{"rendered":"<p class=\"\" data-start=\"52\" data-end=\"494\">Am Abend des 30. April trafen sich um 17:30 Uhr neun tatkr\u00e4ftige Helfer in Orendelsall, um gemeinsam den Maibaum aus dem Wald zu holen. Mit einem Unimog und einem Anh\u00e4nger machten sie sich auf den Weg, um eine passende Birke f\u00fcr den traditionellen Maibaum zu finden. Nach erfolgreicher Auswahl und R\u00fcckfahrt wurde der Baum gegen 19:00 Uhr im Ort geschm\u00fcckt. Mit bunten B\u00e4ndern und viel Liebe zum Detail wurde der Maibaum festlich vorbereitet.<\/p>\n<p class=\"\" data-start=\"496\" data-end=\"700\">Anschlie\u00dfend fand ein gem\u00fctliches Beisammensein an der Feuerschale statt. Bei Grillwurst und Getr\u00e4nken konnten sich die Helfer und Dorfbewohner st\u00e4rken und in geselliger Runde den Abend ausklingen lassen.<\/p>\n<p class=\"\" data-start=\"702\" data-end=\"1043\">F\u00fcr die Sicherheit des Maibaums sorgten vier engagierte Jungs, die als Nachtwache eingeteilt waren. Die Nacht verlief ruhig und ohne Zwischenf\u00e4lle. Als Dank f\u00fcr ihren Einsatz wurde ihnen am Morgen um 8:00 Uhr ein Fr\u00fchst\u00fcck serviert. Der Maibaum stand noch unversehrt \u2013 ein Zeichen f\u00fcr eine gelungene Aktion und ein gutes Miteinander im Dorf.<\/p>\n<p class=\"\" data-start=\"1045\" data-end=\"1196\">Das Maibaumstellen in Orendelsall war somit auch in diesem Jahr ein sch\u00f6nes Gemeinschaftserlebnis, das die Dorfgemeinschaft n\u00e4her zusammengebracht hat.<\/p>\n\n\n<div class=\"wp-block-jetpack-slideshow aligncenter\" data-effect=\"slide\"><div class=\"wp-block-jetpack-slideshow_container swiper-container\"><ul class=\"wp-block-jetpack-slideshow_swiper-wrapper swiper-wrapper\"><li class=\"wp-block-jetpack-slideshow_slide swiper-slide\"><figure><img loading=\"lazy\" decoding=\"async\" width=\"1024\" height=\"577\" alt=\"\" class=\"wp-block-jetpack-slideshow_image wp-image-296\" data-id=\"296\" src=\"https:\/\/orendelsall.de\/wp-content\/uploads\/2025\/05\/IMG_7519.jpg\" srcset=\"https:\/\/orendelsall.de\/wp-content\/uploads\/2025\/05\/IMG_7519.jpg 1024w, https:\/\/orendelsall.de\/wp-content\/uploads\/2025\/05\/IMG_7519-300x169.jpg 300w, https:\/\/orendelsall.de\/wp-content\/uploads\/2025\/05\/IMG_7519-768x433.jpg 768w\" sizes=\"(max-width: 1024px) 100vw, 1024px\" \/><\/figure><\/li><li class=\"wp-block-jetpack-slideshow_slide swiper-slide\"><figure><img loading=\"lazy\" decoding=\"async\" width=\"577\" height=\"1024\" alt=\"\" class=\"wp-block-jetpack-slideshow_image wp-image-298\" data-id=\"298\" src=\"https:\/\/orendelsall.de\/wp-content\/uploads\/2025\/05\/IMG_7520.jpg\" srcset=\"https:\/\/orendelsall.de\/wp-content\/uploads\/2025\/05\/IMG_7520.jpg 577w, https:\/\/orendelsall.de\/wp-content\/uploads\/2025\/05\/IMG_7520-169x300.jpg 169w\" sizes=\"(max-width: 577px) 100vw, 577px\" \/><\/figure><\/li><li class=\"wp-block-jetpack-slideshow_slide swiper-slide\"><figure><img loading=\"lazy\" decoding=\"async\" width=\"1024\" height=\"577\" alt=\"\" class=\"wp-block-jetpack-slideshow_image wp-image-297\" data-id=\"297\" src=\"https:\/\/orendelsall.de\/wp-content\/uploads\/2025\/05\/IMG_7521.jpg\" srcset=\"https:\/\/orendelsall.de\/wp-content\/uploads\/2025\/05\/IMG_7521.jpg 1024w, https:\/\/orendelsall.de\/wp-content\/uploads\/2025\/05\/IMG_7521-300x169.jpg 300w, https:\/\/orendelsall.de\/wp-content\/uploads\/2025\/05\/IMG_7521-768x433.jpg 768w\" sizes=\"(max-width: 1024px) 100vw, 1024px\" \/><\/figure><\/li><\/ul><a class=\"wp-block-jetpack-slideshow_button-prev swiper-button-prev swiper-button-white\" role=\"button\"><\/a><a class=\"wp-block-jetpack-slideshow_button-next swiper-button-next swiper-button-white\" role=\"button\"><\/a><a aria-label=\"Pause Slideshow\" class=\"wp-block-jetpack-slideshow_button-pause\" role=\"button\"><\/a><div class=\"wp-block-jetpack-slideshow_pagination swiper-pagination swiper-pagination-white\"><\/div><\/div><\/div>\n","protected":false},"excerpt":{"rendered":"<p>Am Abend des 30. April trafen sich um 17:30 Uhr neun tatkr\u00e4ftige Helfer in Orendelsall, um gemeinsam den Maibaum aus dem Wald zu holen. Mit einem Unimog und einem Anh\u00e4nger machten sie sich auf&#46;&#46;&#46;<\/p>\n","protected":false},"author":2,"featured_media":298,"comment_status":"closed","ping_status":"open","sticky":false,"template":"","format":"standard","meta":{"_jetpack_memberships_contains_paid_content":false,"footnotes":""},"categories":[1,13],"tags":[],"class_list":["post-294","post","type-post","status-publish","format-standard","has-post-thumbnail","hentry","category-allgemein","category-news"],"yoast_head":"<!-- This site is optimized with the Yoast SEO plugin v27.5 - https:\/\/yoast.com\/product\/yoast-seo-wordpress\/ -->\n<title>Maibaumstellen 2025 in Orendelsall - Dorfgemeinschaft-Orendelsall<\/title>\n<meta name=\"robots\" content=\"index, follow, max-snippet:-1, max-image-preview:large, max-video-preview:-1\" \/>\n<link rel=\"canonical\" href=\"https:\/\/orendelsall.de\/index.php\/2025\/05\/09\/maibaumstellen-2025-in-orendelsall\/\" \/>\n<meta property=\"og:locale\" content=\"de_DE\" \/>\n<meta property=\"og:type\" content=\"article\" \/>\n<meta property=\"og:title\" content=\"Maibaumstellen 2025 in Orendelsall - Dorfgemeinschaft-Orendelsall\" \/>\n<meta property=\"og:description\" content=\"Am Abend des 30. April trafen sich um 17:30 Uhr neun tatkr\u00e4ftige Helfer in Orendelsall, um gemeinsam den Maibaum aus dem Wald zu holen. Mit einem Unimog und einem Anh\u00e4nger machten sie sich auf&#046;&#046;&#046;\" \/>\n<meta property=\"og:url\" content=\"https:\/\/orendelsall.de\/index.php\/2025\/05\/09\/maibaumstellen-2025-in-orendelsall\/\" \/>\n<meta property=\"og:site_name\" content=\"Dorfgemeinschaft-Orendelsall\" \/>\n<meta property=\"article:published_time\" content=\"2025-05-09T08:55:29+00:00\" \/>\n<meta property=\"article:modified_time\" content=\"2025-05-09T09:00:06+00:00\" \/>\n<meta property=\"og:image\" content=\"https:\/\/orendelsall.de\/wp-content\/uploads\/2025\/05\/IMG_7520.jpg\" \/>\n\t<meta property=\"og:image:width\" content=\"577\" \/>\n\t<meta property=\"og:image:height\" content=\"1024\" \/>\n\t<meta property=\"og:image:type\" content=\"image\/jpeg\" \/>\n<meta name=\"author\" content=\"Dirk Schwarz\" \/>\n<meta name=\"twitter:card\" content=\"summary_large_image\" \/>\n<meta name=\"twitter:label1\" content=\"Verfasst von\" \/>\n\t<meta name=\"twitter:data1\" content=\"Dirk Schwarz\" \/>\n\t<meta name=\"twitter:label2\" content=\"Gesch\u00e4tzte Lesezeit\" \/>\n\t<meta name=\"twitter:data2\" content=\"2\u00a0Minuten\" \/>\n<script type=\"application\/ld+json\" class=\"yoast-schema-graph\">{\"@context\":\"https:\\\/\\\/schema.org\",\"@graph\":[{\"@type\":\"Article\",\"@id\":\"https:\\\/\\\/orendelsall.de\\\/index.php\\\/2025\\\/05\\\/09\\\/maibaumstellen-2025-in-orendelsall\\\/#article\",\"isPartOf\":{\"@id\":\"https:\\\/\\\/orendelsall.de\\\/index.php\\\/2025\\\/05\\\/09\\\/maibaumstellen-2025-in-orendelsall\\\/\"},\"author\":{\"name\":\"Dirk Schwarz\",\"@id\":\"https:\\\/\\\/orendelsall.de\\\/#\\\/schema\\\/person\\\/c54b3e14ac5437f4365ff276663c2d4a\"},\"headline\":\"Maibaumstellen 2025 in Orendelsall\",\"datePublished\":\"2025-05-09T08:55:29+00:00\",\"dateModified\":\"2025-05-09T09:00:06+00:00\",\"mainEntityOfPage\":{\"@id\":\"https:\\\/\\\/orendelsall.de\\\/index.php\\\/2025\\\/05\\\/09\\\/maibaumstellen-2025-in-orendelsall\\\/\"},\"wordCount\":190,\"image\":{\"@id\":\"https:\\\/\\\/orendelsall.de\\\/index.php\\\/2025\\\/05\\\/09\\\/maibaumstellen-2025-in-orendelsall\\\/#primaryimage\"},\"thumbnailUrl\":\"https:\\\/\\\/orendelsall.de\\\/wp-content\\\/uploads\\\/2025\\\/05\\\/IMG_7520.jpg\",\"articleSection\":{\"1\":\"News\"},\"inLanguage\":\"de\"},{\"@type\":\"WebPage\",\"@id\":\"https:\\\/\\\/orendelsall.de\\\/index.php\\\/2025\\\/05\\\/09\\\/maibaumstellen-2025-in-orendelsall\\\/\",\"url\":\"https:\\\/\\\/orendelsall.de\\\/index.php\\\/2025\\\/05\\\/09\\\/maibaumstellen-2025-in-orendelsall\\\/\",\"name\":\"Maibaumstellen 2025 in Orendelsall - Dorfgemeinschaft-Orendelsall\",\"isPartOf\":{\"@id\":\"https:\\\/\\\/orendelsall.de\\\/#website\"},\"primaryImageOfPage\":{\"@id\":\"https:\\\/\\\/orendelsall.de\\\/index.php\\\/2025\\\/05\\\/09\\\/maibaumstellen-2025-in-orendelsall\\\/#primaryimage\"},\"image\":{\"@id\":\"https:\\\/\\\/orendelsall.de\\\/index.php\\\/2025\\\/05\\\/09\\\/maibaumstellen-2025-in-orendelsall\\\/#primaryimage\"},\"thumbnailUrl\":\"https:\\\/\\\/orendelsall.de\\\/wp-content\\\/uploads\\\/2025\\\/05\\\/IMG_7520.jpg\",\"datePublished\":\"2025-05-09T08:55:29+00:00\",\"dateModified\":\"2025-05-09T09:00:06+00:00\",\"author\":{\"@id\":\"https:\\\/\\\/orendelsall.de\\\/#\\\/schema\\\/person\\\/c54b3e14ac5437f4365ff276663c2d4a\"},\"breadcrumb\":{\"@id\":\"https:\\\/\\\/orendelsall.de\\\/index.php\\\/2025\\\/05\\\/09\\\/maibaumstellen-2025-in-orendelsall\\\/#breadcrumb\"},\"inLanguage\":\"de\",\"potentialAction\":[{\"@type\":\"ReadAction\",\"target\":[\"https:\\\/\\\/orendelsall.de\\\/index.php\\\/2025\\\/05\\\/09\\\/maibaumstellen-2025-in-orendelsall\\\/\"]}]},{\"@type\":\"ImageObject\",\"inLanguage\":\"de\",\"@id\":\"https:\\\/\\\/orendelsall.de\\\/index.php\\\/2025\\\/05\\\/09\\\/maibaumstellen-2025-in-orendelsall\\\/#primaryimage\",\"url\":\"https:\\\/\\\/orendelsall.de\\\/wp-content\\\/uploads\\\/2025\\\/05\\\/IMG_7520.jpg\",\"contentUrl\":\"https:\\\/\\\/orendelsall.de\\\/wp-content\\\/uploads\\\/2025\\\/05\\\/IMG_7520.jpg\",\"width\":577,\"height\":1024},{\"@type\":\"BreadcrumbList\",\"@id\":\"https:\\\/\\\/orendelsall.de\\\/index.php\\\/2025\\\/05\\\/09\\\/maibaumstellen-2025-in-orendelsall\\\/#breadcrumb\",\"itemListElement\":[{\"@type\":\"ListItem\",\"position\":1,\"name\":\"Startseite\",\"item\":\"https:\\\/\\\/orendelsall.de\\\/\"},{\"@type\":\"ListItem\",\"position\":2,\"name\":\"Maibaumstellen 2025 in Orendelsall\"}]},{\"@type\":\"WebSite\",\"@id\":\"https:\\\/\\\/orendelsall.de\\\/#website\",\"url\":\"https:\\\/\\\/orendelsall.de\\\/\",\"name\":\"Dorfgemeinschaft-Orendelsall\",\"description\":\"\",\"potentialAction\":[{\"@type\":\"SearchAction\",\"target\":{\"@type\":\"EntryPoint\",\"urlTemplate\":\"https:\\\/\\\/orendelsall.de\\\/?s={search_term_string}\"},\"query-input\":{\"@type\":\"PropertyValueSpecification\",\"valueRequired\":true,\"valueName\":\"search_term_string\"}}],\"inLanguage\":\"de\"},{\"@type\":\"Person\",\"@id\":\"https:\\\/\\\/orendelsall.de\\\/#\\\/schema\\\/person\\\/c54b3e14ac5437f4365ff276663c2d4a\",\"name\":\"Dirk Schwarz\",\"image\":{\"@type\":\"ImageObject\",\"inLanguage\":\"de\",\"@id\":\"https:\\\/\\\/secure.gravatar.com\\\/avatar\\\/a1b58cdeb3b146d97e923cfee2795934c7c5a14b9f6c449b3c1ec2dec2f7990e?s=96&d=mm&r=g\",\"url\":\"https:\\\/\\\/secure.gravatar.com\\\/avatar\\\/a1b58cdeb3b146d97e923cfee2795934c7c5a14b9f6c449b3c1ec2dec2f7990e?s=96&d=mm&r=g\",\"contentUrl\":\"https:\\\/\\\/secure.gravatar.com\\\/avatar\\\/a1b58cdeb3b146d97e923cfee2795934c7c5a14b9f6c449b3c1ec2dec2f7990e?s=96&d=mm&r=g\",\"caption\":\"Dirk Schwarz\"},\"url\":\"https:\\\/\\\/orendelsall.de\\\/index.php\\\/author\\\/orendel_bride_1-4\\\/\"}]}<\/script>\n<!-- \/ Yoast SEO plugin. -->","yoast_head_json":{"title":"Maibaumstellen 2025 in Orendelsall - Dorfgemeinschaft-Orendelsall","robots":{"index":"index","follow":"follow","max-snippet":"max-snippet:-1","max-image-preview":"max-image-preview:large","max-video-preview":"max-video-preview:-1"},"canonical":"https:\/\/orendelsall.de\/index.php\/2025\/05\/09\/maibaumstellen-2025-in-orendelsall\/","og_locale":"de_DE","og_type":"article","og_title":"Maibaumstellen 2025 in Orendelsall - Dorfgemeinschaft-Orendelsall","og_description":"Am Abend des 30. April trafen sich um 17:30 Uhr neun tatkr\u00e4ftige Helfer in Orendelsall, um gemeinsam den Maibaum aus dem Wald zu holen. Mit einem Unimog und einem Anh\u00e4nger machten sie sich auf&#46;&#46;&#46;","og_url":"https:\/\/orendelsall.de\/index.php\/2025\/05\/09\/maibaumstellen-2025-in-orendelsall\/","og_site_name":"Dorfgemeinschaft-Orendelsall","article_published_time":"2025-05-09T08:55:29+00:00","article_modified_time":"2025-05-09T09:00:06+00:00","og_image":[{"width":577,"height":1024,"url":"https:\/\/orendelsall.de\/wp-content\/uploads\/2025\/05\/IMG_7520.jpg","type":"image\/jpeg"}],"author":"Dirk Schwarz","twitter_card":"summary_large_image","twitter_misc":{"Verfasst von":"Dirk Schwarz","Gesch\u00e4tzte Lesezeit":"2\u00a0Minuten"},"schema":{"@context":"https:\/\/schema.org","@graph":[{"@type":"Article","@id":"https:\/\/orendelsall.de\/index.php\/2025\/05\/09\/maibaumstellen-2025-in-orendelsall\/#article","isPartOf":{"@id":"https:\/\/orendelsall.de\/index.php\/2025\/05\/09\/maibaumstellen-2025-in-orendelsall\/"},"author":{"name":"Dirk Schwarz","@id":"https:\/\/orendelsall.de\/#\/schema\/person\/c54b3e14ac5437f4365ff276663c2d4a"},"headline":"Maibaumstellen 2025 in Orendelsall","datePublished":"2025-05-09T08:55:29+00:00","dateModified":"2025-05-09T09:00:06+00:00","mainEntityOfPage":{"@id":"https:\/\/orendelsall.de\/index.php\/2025\/05\/09\/maibaumstellen-2025-in-orendelsall\/"},"wordCount":190,"image":{"@id":"https:\/\/orendelsall.de\/index.php\/2025\/05\/09\/maibaumstellen-2025-in-orendelsall\/#primaryimage"},"thumbnailUrl":"https:\/\/orendelsall.de\/wp-content\/uploads\/2025\/05\/IMG_7520.jpg","articleSection":{"1":"News"},"inLanguage":"de"},{"@type":"WebPage","@id":"https:\/\/orendelsall.de\/index.php\/2025\/05\/09\/maibaumstellen-2025-in-orendelsall\/","url":"https:\/\/orendelsall.de\/index.php\/2025\/05\/09\/maibaumstellen-2025-in-orendelsall\/","name":"Maibaumstellen 2025 in Orendelsall - Dorfgemeinschaft-Orendelsall","isPartOf":{"@id":"https:\/\/orendelsall.de\/#website"},"primaryImageOfPage":{"@id":"https:\/\/orendelsall.de\/index.php\/2025\/05\/09\/maibaumstellen-2025-in-orendelsall\/#primaryimage"},"image":{"@id":"https:\/\/orendelsall.de\/index.php\/2025\/05\/09\/maibaumstellen-2025-in-orendelsall\/#primaryimage"},"thumbnailUrl":"https:\/\/orendelsall.de\/wp-content\/uploads\/2025\/05\/IMG_7520.jpg","datePublished":"2025-05-09T08:55:29+00:00","dateModified":"2025-05-09T09:00:06+00:00","author":{"@id":"https:\/\/orendelsall.de\/#\/schema\/person\/c54b3e14ac5437f4365ff276663c2d4a"},"breadcrumb":{"@id":"https:\/\/orendelsall.de\/index.php\/2025\/05\/09\/maibaumstellen-2025-in-orendelsall\/#breadcrumb"},"inLanguage":"de","potentialAction":[{"@type":"ReadAction","target":["https:\/\/orendelsall.de\/index.php\/2025\/05\/09\/maibaumstellen-2025-in-orendelsall\/"]}]},{"@type":"ImageObject","inLanguage":"de","@id":"https:\/\/orendelsall.de\/index.php\/2025\/05\/09\/maibaumstellen-2025-in-orendelsall\/#primaryimage","url":"https:\/\/orendelsall.de\/wp-content\/uploads\/2025\/05\/IMG_7520.jpg","contentUrl":"https:\/\/orendelsall.de\/wp-content\/uploads\/2025\/05\/IMG_7520.jpg","width":577,"height":1024},{"@type":"BreadcrumbList","@id":"https:\/\/orendelsall.de\/index.php\/2025\/05\/09\/maibaumstellen-2025-in-orendelsall\/#breadcrumb","itemListElement":[{"@type":"ListItem","position":1,"name":"Startseite","item":"https:\/\/orendelsall.de\/"},{"@type":"ListItem","position":2,"name":"Maibaumstellen 2025 in Orendelsall"}]},{"@type":"WebSite","@id":"https:\/\/orendelsall.de\/#website","url":"https:\/\/orendelsall.de\/","name":"Dorfgemeinschaft-Orendelsall","description":"","potentialAction":[{"@type":"SearchAction","target":{"@type":"EntryPoint","urlTemplate":"https:\/\/orendelsall.de\/?s={search_term_string}"},"query-input":{"@type":"PropertyValueSpecification","valueRequired":true,"valueName":"search_term_string"}}],"inLanguage":"de"},{"@type":"Person","@id":"https:\/\/orendelsall.de\/#\/schema\/person\/c54b3e14ac5437f4365ff276663c2d4a","name":"Dirk Schwarz","image":{"@type":"ImageObject","inLanguage":"de","@id":"https:\/\/secure.gravatar.com\/avatar\/a1b58cdeb3b146d97e923cfee2795934c7c5a14b9f6c449b3c1ec2dec2f7990e?s=96&d=mm&r=g","url":"https:\/\/secure.gravatar.com\/avatar\/a1b58cdeb3b146d97e923cfee2795934c7c5a14b9f6c449b3c1ec2dec2f7990e?s=96&d=mm&r=g","contentUrl":"https:\/\/secure.gravatar.com\/avatar\/a1b58cdeb3b146d97e923cfee2795934c7c5a14b9f6c449b3c1ec2dec2f7990e?s=96&d=mm&r=g","caption":"Dirk Schwarz"},"url":"https:\/\/orendelsall.de\/index.php\/author\/orendel_bride_1-4\/"}]}},"jetpack_featured_media_url":"https:\/\/orendelsall.de\/wp-content\/uploads\/2025\/05\/IMG_7520.jpg","jetpack_sharing_enabled":true,"_links":{"self":[{"href":"https:\/\/orendelsall.de\/index.php\/wp-json\/wp\/v2\/posts\/294","targetHints":{"allow":["GET"]}}],"collection":[{"href":"https:\/\/orendelsall.de\/index.php\/wp-json\/wp\/v2\/posts"}],"about":[{"href":"https:\/\/orendelsall.de\/index.php\/wp-json\/wp\/v2\/types\/post"}],"author":[{"embeddable":true,"href":"https:\/\/orendelsall.de\/index.php\/wp-json\/wp\/v2\/users\/2"}],"replies":[{"embeddable":true,"href":"https:\/\/orendelsall.de\/index.php\/wp-json\/wp\/v2\/comments?post=294"}],"version-history":[{"count":4,"href":"https:\/\/orendelsall.de\/index.php\/wp-json\/wp\/v2\/posts\/294\/revisions"}],"predecessor-version":[{"id":302,"href":"https:\/\/orendelsall.de\/index.php\/wp-json\/wp\/v2\/posts\/294\/revisions\/302"}],"wp:featuredmedia":[{"embeddable":true,"href":"https:\/\/orendelsall.de\/index.php\/wp-json\/wp\/v2\/media\/298"}],"wp:attachment":[{"href":"https:\/\/orendelsall.de\/index.php\/wp-json\/wp\/v2\/media?parent=294"}],"wp:term":[{"taxonomy":"category","embeddable":true,"href":"https:\/\/orendelsall.de\/index.php\/wp-json\/wp\/v2\/categories?post=294"},{"taxonomy":"post_tag","embeddable":true,"href":"https:\/\/orendelsall.de\/index.php\/wp-json\/wp\/v2\/tags?post=294"}],"curies":[{"name":"wp","href":"https:\/\/api.w.org\/{rel}","templated":true}]}}