{"id":202,"date":"2023-03-17T06:54:25","date_gmt":"2023-03-17T05:54:25","guid":{"rendered":"https:\/\/orendelsall.de\/?p=202"},"modified":"2023-03-18T08:59:53","modified_gmt":"2023-03-18T07:59:53","slug":"ein-defi-fuer-drendel-drendel-tv-folge-1","status":"publish","type":"post","link":"https:\/\/orendelsall.de\/index.php\/2023\/03\/17\/ein-defi-fuer-drendel-drendel-tv-folge-1\/","title":{"rendered":"&#8222;Ein Defi f\u00fcr Drendel&#8220; &#8211; Drendel-TV (Folge 1)"},"content":{"rendered":"\n<figure class=\"wp-block-embed is-type-video is-provider-vimeo wp-block-embed-vimeo wp-embed-aspect-16-9 wp-has-aspect-ratio\"><div class=\"wp-block-embed__wrapper\">\n<div class=\"video-container\"><iframe loading=\"lazy\" hcb-fetch-image-from=\"https:\/\/vimeo.com\/809272964\" title=\"Ein Defi f\u00fcr Drendel\" src=\"https:\/\/player.vimeo.com\/video\/809272964?dnt=1&amp;app_id=122963\" width=\"500\" height=\"281\" frameborder=\"0\" allow=\"autoplay; fullscreen; picture-in-picture; clipboard-write; encrypted-media\"><\/iframe><\/div>\n<\/div><\/figure>\n\n\n<div class=\"acc js-acc is-active\">\n<p><strong class=\"acc__headline is-block medium js-acc-opener\"><img loading=\"lazy\" decoding=\"async\" class=\" wp-image-209 alignleft\" src=\"https:\/\/orendelsall.de\/wp-content\/uploads\/2023\/03\/titelbild2-300x169.jpg\" alt=\"\" width=\"325\" height=\"183\" srcset=\"https:\/\/orendelsall.de\/wp-content\/uploads\/2023\/03\/titelbild2-300x169.jpg 300w, https:\/\/orendelsall.de\/wp-content\/uploads\/2023\/03\/titelbild2-768x432.jpg 768w, https:\/\/orendelsall.de\/wp-content\/uploads\/2023\/03\/titelbild2.jpg 860w\" sizes=\"auto, (max-width: 325px) 100vw, 325px\" \/><\/strong><strong class=\"acc__headline is-block medium js-acc-opener\">Worum geht es in diesem Projekt?<\/strong><\/p>\n<div class=\"acc__toggle js-acc-toggle is-expanded\">\n<div class=\"acc__content tyc compact\">\n<p>Wir m\u00f6chten gerne einen Defibrillator f\u00fcr Orendelsall anschaffen, damit wir im Bedarfsfall einem Opfer, das ein pl\u00f6tzliches Herzversagen erlitten hat, bis zum Eintreffen der Rettungskr\u00e4fte m\u00f6glichst gro\u00dfe \u00dcberlebenschancen bieten zu k\u00f6nnen.<\/p>\n<\/div>\n<\/div>\n<\/div>\n<div class=\"acc js-acc is-active\">\n<p><strong class=\"acc__headline is-block medium js-acc-opener\">Was sind die Ziele und wer ist die Zielgruppe?<\/strong><\/p>\n<div class=\"acc__toggle js-acc-toggle is-expanded\">\n<div class=\"acc__content tyc compact\">\n<p>Wir m\u00f6chten gerne die medizinische Versorgung im l\u00e4ndlichen Raum (vor allem bei uns im Ort) optimieren. Der &#8222;Defi&#8220; steht allen Einwohnern und Besuchern von Orendelsall im Bedarfsfall zur Verf\u00fcgung<\/p>\n<\/div>\n<\/div>\n<\/div>\n<div class=\"acc js-acc is-active\">\n<p><strong class=\"acc__headline is-block medium js-acc-opener\">Warum sollten Sie dieses Projekt unterst\u00fctzen?<\/strong><\/p>\n<div class=\"acc__toggle js-acc-toggle is-expanded\">\n<div class=\"acc__content tyc compact\">\n<p>J\u00e4hrlich erleiden <strong>65000 Menschen<\/strong> in Deutschland pl\u00f6tzliches Herzversagen. <strong>Davon sterben 60000 Menschen<\/strong>! Wenn wir im Bedarfsfall nur EIN Leben retten k\u00f6nnen, ist es die Sache wert. Jede Minute ohne passende Hilfe mindert die \u00dcberlebenschancen um 10%. DAS DARF NICHT SEIN!!<\/p>\n<\/div>\n<\/div>\n<\/div>\n<div class=\"acc js-acc is-active\">\n<p><strong class=\"acc__headline is-block medium js-acc-opener\">Was geschieht mit dem Geld bei erfolgreicher Finanzierung?<\/strong><\/p>\n<div class=\"acc__toggle js-acc-toggle is-expanded\">\n<div class=\"acc__content tyc compact\">\n<p>Wir werden das Geld in einen Defibrillator oder auch &#8222;Defi&#8220; genannt investieren. Sollten wir mehr als die erforderliche Summe einnehmen, werden wir das Geld zur regelm\u00e4\u00dfigen Wartung des Ger\u00e4ts nutzen.<\/p>\n<div class=\"cf-project-widget\" data-id=\"21579\" data-subtitle=\"Raiffeisenbank Hohenloher Land eG\" data-lang=\"de\" data-page=\"0066b3\">&nbsp;<\/div>\n<\/div>\n<\/div>\n<\/div>\n\n","protected":false},"excerpt":{"rendered":"<p>Worum geht es in diesem Projekt? Wir m\u00f6chten gerne einen Defibrillator f\u00fcr Orendelsall anschaffen, damit wir im Bedarfsfall einem Opfer, das ein pl\u00f6tzliches Herzversagen erlitten hat, bis zum Eintreffen der Rettungskr\u00e4fte m\u00f6glichst gro\u00dfe \u00dcberlebenschancen&#46;&#46;&#46;<\/p>\n","protected":false},"author":2,"featured_media":206,"comment_status":"closed","ping_status":"open","sticky":false,"template":"","format":"standard","meta":{"_jetpack_memberships_contains_paid_content":false,"footnotes":""},"categories":[1,13],"tags":[],"class_list":["post-202","post","type-post","status-publish","format-standard","has-post-thumbnail","hentry","category-allgemein","category-news"],"yoast_head":"<!-- This site is optimized with the Yoast SEO plugin v27.5 - https:\/\/yoast.com\/product\/yoast-seo-wordpress\/ -->\n<title>&quot;Ein Defi f\u00fcr Drendel&quot; - Drendel-TV (Folge 1) - Dorfgemeinschaft-Orendelsall<\/title>\n<meta name=\"robots\" content=\"index, follow, max-snippet:-1, max-image-preview:large, max-video-preview:-1\" \/>\n<link rel=\"canonical\" href=\"https:\/\/orendelsall.de\/index.php\/2023\/03\/17\/ein-defi-fuer-drendel-drendel-tv-folge-1\/\" \/>\n<meta property=\"og:locale\" content=\"de_DE\" \/>\n<meta property=\"og:type\" content=\"article\" \/>\n<meta property=\"og:title\" content=\"&quot;Ein Defi f\u00fcr Drendel&quot; - Drendel-TV (Folge 1) - Dorfgemeinschaft-Orendelsall\" \/>\n<meta property=\"og:description\" content=\"Worum geht es in diesem Projekt? Wir m\u00f6chten gerne einen Defibrillator f\u00fcr Orendelsall anschaffen, damit wir im Bedarfsfall einem Opfer, das ein pl\u00f6tzliches Herzversagen erlitten hat, bis zum Eintreffen der Rettungskr\u00e4fte m\u00f6glichst gro\u00dfe \u00dcberlebenschancen&#046;&#046;&#046;\" \/>\n<meta property=\"og:url\" content=\"https:\/\/orendelsall.de\/index.php\/2023\/03\/17\/ein-defi-fuer-drendel-drendel-tv-folge-1\/\" \/>\n<meta property=\"og:site_name\" content=\"Dorfgemeinschaft-Orendelsall\" \/>\n<meta property=\"article:published_time\" content=\"2023-03-17T05:54:25+00:00\" \/>\n<meta property=\"article:modified_time\" content=\"2023-03-18T07:59:53+00:00\" \/>\n<meta property=\"og:image\" content=\"https:\/\/orendelsall.de\/wp-content\/uploads\/2023\/03\/PNG-Bild.png\" \/>\n\t<meta property=\"og:image:width\" content=\"1280\" \/>\n\t<meta property=\"og:image:height\" content=\"1280\" \/>\n\t<meta property=\"og:image:type\" content=\"image\/png\" \/>\n<meta name=\"author\" content=\"Dirk Schwarz\" \/>\n<meta name=\"twitter:card\" content=\"summary_large_image\" \/>\n<meta name=\"twitter:label1\" content=\"Verfasst von\" \/>\n\t<meta name=\"twitter:data1\" content=\"Dirk Schwarz\" \/>\n\t<meta name=\"twitter:label2\" content=\"Gesch\u00e4tzte Lesezeit\" \/>\n\t<meta name=\"twitter:data2\" content=\"2\u00a0Minuten\" \/>\n<script type=\"application\/ld+json\" class=\"yoast-schema-graph\">{\"@context\":\"https:\\\/\\\/schema.org\",\"@graph\":[{\"@type\":\"Article\",\"@id\":\"https:\\\/\\\/orendelsall.de\\\/index.php\\\/2023\\\/03\\\/17\\\/ein-defi-fuer-drendel-drendel-tv-folge-1\\\/#article\",\"isPartOf\":{\"@id\":\"https:\\\/\\\/orendelsall.de\\\/index.php\\\/2023\\\/03\\\/17\\\/ein-defi-fuer-drendel-drendel-tv-folge-1\\\/\"},\"author\":{\"name\":\"Dirk Schwarz\",\"@id\":\"https:\\\/\\\/orendelsall.de\\\/#\\\/schema\\\/person\\\/c54b3e14ac5437f4365ff276663c2d4a\"},\"headline\":\"&#8222;Ein Defi f\u00fcr Drendel&#8220; &#8211; Drendel-TV (Folge 1)\",\"datePublished\":\"2023-03-17T05:54:25+00:00\",\"dateModified\":\"2023-03-18T07:59:53+00:00\",\"mainEntityOfPage\":{\"@id\":\"https:\\\/\\\/orendelsall.de\\\/index.php\\\/2023\\\/03\\\/17\\\/ein-defi-fuer-drendel-drendel-tv-folge-1\\\/\"},\"wordCount\":184,\"image\":{\"@id\":\"https:\\\/\\\/orendelsall.de\\\/index.php\\\/2023\\\/03\\\/17\\\/ein-defi-fuer-drendel-drendel-tv-folge-1\\\/#primaryimage\"},\"thumbnailUrl\":\"https:\\\/\\\/orendelsall.de\\\/wp-content\\\/uploads\\\/2023\\\/03\\\/PNG-Bild.png\",\"articleSection\":{\"1\":\"News\"},\"inLanguage\":\"de\"},{\"@type\":\"WebPage\",\"@id\":\"https:\\\/\\\/orendelsall.de\\\/index.php\\\/2023\\\/03\\\/17\\\/ein-defi-fuer-drendel-drendel-tv-folge-1\\\/\",\"url\":\"https:\\\/\\\/orendelsall.de\\\/index.php\\\/2023\\\/03\\\/17\\\/ein-defi-fuer-drendel-drendel-tv-folge-1\\\/\",\"name\":\"\\\"Ein Defi f\u00fcr Drendel\\\" - Drendel-TV (Folge 1) - Dorfgemeinschaft-Orendelsall\",\"isPartOf\":{\"@id\":\"https:\\\/\\\/orendelsall.de\\\/#website\"},\"primaryImageOfPage\":{\"@id\":\"https:\\\/\\\/orendelsall.de\\\/index.php\\\/2023\\\/03\\\/17\\\/ein-defi-fuer-drendel-drendel-tv-folge-1\\\/#primaryimage\"},\"image\":{\"@id\":\"https:\\\/\\\/orendelsall.de\\\/index.php\\\/2023\\\/03\\\/17\\\/ein-defi-fuer-drendel-drendel-tv-folge-1\\\/#primaryimage\"},\"thumbnailUrl\":\"https:\\\/\\\/orendelsall.de\\\/wp-content\\\/uploads\\\/2023\\\/03\\\/PNG-Bild.png\",\"datePublished\":\"2023-03-17T05:54:25+00:00\",\"dateModified\":\"2023-03-18T07:59:53+00:00\",\"author\":{\"@id\":\"https:\\\/\\\/orendelsall.de\\\/#\\\/schema\\\/person\\\/c54b3e14ac5437f4365ff276663c2d4a\"},\"breadcrumb\":{\"@id\":\"https:\\\/\\\/orendelsall.de\\\/index.php\\\/2023\\\/03\\\/17\\\/ein-defi-fuer-drendel-drendel-tv-folge-1\\\/#breadcrumb\"},\"inLanguage\":\"de\",\"potentialAction\":[{\"@type\":\"ReadAction\",\"target\":[\"https:\\\/\\\/orendelsall.de\\\/index.php\\\/2023\\\/03\\\/17\\\/ein-defi-fuer-drendel-drendel-tv-folge-1\\\/\"]}]},{\"@type\":\"ImageObject\",\"inLanguage\":\"de\",\"@id\":\"https:\\\/\\\/orendelsall.de\\\/index.php\\\/2023\\\/03\\\/17\\\/ein-defi-fuer-drendel-drendel-tv-folge-1\\\/#primaryimage\",\"url\":\"https:\\\/\\\/orendelsall.de\\\/wp-content\\\/uploads\\\/2023\\\/03\\\/PNG-Bild.png\",\"contentUrl\":\"https:\\\/\\\/orendelsall.de\\\/wp-content\\\/uploads\\\/2023\\\/03\\\/PNG-Bild.png\",\"width\":1280,\"height\":1280},{\"@type\":\"BreadcrumbList\",\"@id\":\"https:\\\/\\\/orendelsall.de\\\/index.php\\\/2023\\\/03\\\/17\\\/ein-defi-fuer-drendel-drendel-tv-folge-1\\\/#breadcrumb\",\"itemListElement\":[{\"@type\":\"ListItem\",\"position\":1,\"name\":\"Startseite\",\"item\":\"https:\\\/\\\/orendelsall.de\\\/\"},{\"@type\":\"ListItem\",\"position\":2,\"name\":\"&#8222;Ein Defi f\u00fcr Drendel&#8220; &#8211; Drendel-TV (Folge 1)\"}]},{\"@type\":\"WebSite\",\"@id\":\"https:\\\/\\\/orendelsall.de\\\/#website\",\"url\":\"https:\\\/\\\/orendelsall.de\\\/\",\"name\":\"Dorfgemeinschaft-Orendelsall\",\"description\":\"\",\"potentialAction\":[{\"@type\":\"SearchAction\",\"target\":{\"@type\":\"EntryPoint\",\"urlTemplate\":\"https:\\\/\\\/orendelsall.de\\\/?s={search_term_string}\"},\"query-input\":{\"@type\":\"PropertyValueSpecification\",\"valueRequired\":true,\"valueName\":\"search_term_string\"}}],\"inLanguage\":\"de\"},{\"@type\":\"Person\",\"@id\":\"https:\\\/\\\/orendelsall.de\\\/#\\\/schema\\\/person\\\/c54b3e14ac5437f4365ff276663c2d4a\",\"name\":\"Dirk Schwarz\",\"image\":{\"@type\":\"ImageObject\",\"inLanguage\":\"de\",\"@id\":\"https:\\\/\\\/secure.gravatar.com\\\/avatar\\\/a1b58cdeb3b146d97e923cfee2795934c7c5a14b9f6c449b3c1ec2dec2f7990e?s=96&d=mm&r=g\",\"url\":\"https:\\\/\\\/secure.gravatar.com\\\/avatar\\\/a1b58cdeb3b146d97e923cfee2795934c7c5a14b9f6c449b3c1ec2dec2f7990e?s=96&d=mm&r=g\",\"contentUrl\":\"https:\\\/\\\/secure.gravatar.com\\\/avatar\\\/a1b58cdeb3b146d97e923cfee2795934c7c5a14b9f6c449b3c1ec2dec2f7990e?s=96&d=mm&r=g\",\"caption\":\"Dirk Schwarz\"},\"url\":\"https:\\\/\\\/orendelsall.de\\\/index.php\\\/author\\\/orendel_bride_1-4\\\/\"}]}<\/script>\n<!-- \/ Yoast SEO plugin. -->","yoast_head_json":{"title":"\"Ein Defi f\u00fcr Drendel\" - Drendel-TV (Folge 1) - Dorfgemeinschaft-Orendelsall","robots":{"index":"index","follow":"follow","max-snippet":"max-snippet:-1","max-image-preview":"max-image-preview:large","max-video-preview":"max-video-preview:-1"},"canonical":"https:\/\/orendelsall.de\/index.php\/2023\/03\/17\/ein-defi-fuer-drendel-drendel-tv-folge-1\/","og_locale":"de_DE","og_type":"article","og_title":"\"Ein Defi f\u00fcr Drendel\" - Drendel-TV (Folge 1) - Dorfgemeinschaft-Orendelsall","og_description":"Worum geht es in diesem Projekt? Wir m\u00f6chten gerne einen Defibrillator f\u00fcr Orendelsall anschaffen, damit wir im Bedarfsfall einem Opfer, das ein pl\u00f6tzliches Herzversagen erlitten hat, bis zum Eintreffen der Rettungskr\u00e4fte m\u00f6glichst gro\u00dfe \u00dcberlebenschancen&#46;&#46;&#46;","og_url":"https:\/\/orendelsall.de\/index.php\/2023\/03\/17\/ein-defi-fuer-drendel-drendel-tv-folge-1\/","og_site_name":"Dorfgemeinschaft-Orendelsall","article_published_time":"2023-03-17T05:54:25+00:00","article_modified_time":"2023-03-18T07:59:53+00:00","og_image":[{"width":1280,"height":1280,"url":"https:\/\/orendelsall.de\/wp-content\/uploads\/2023\/03\/PNG-Bild.png","type":"image\/png"}],"author":"Dirk Schwarz","twitter_card":"summary_large_image","twitter_misc":{"Verfasst von":"Dirk Schwarz","Gesch\u00e4tzte Lesezeit":"2\u00a0Minuten"},"schema":{"@context":"https:\/\/schema.org","@graph":[{"@type":"Article","@id":"https:\/\/orendelsall.de\/index.php\/2023\/03\/17\/ein-defi-fuer-drendel-drendel-tv-folge-1\/#article","isPartOf":{"@id":"https:\/\/orendelsall.de\/index.php\/2023\/03\/17\/ein-defi-fuer-drendel-drendel-tv-folge-1\/"},"author":{"name":"Dirk Schwarz","@id":"https:\/\/orendelsall.de\/#\/schema\/person\/c54b3e14ac5437f4365ff276663c2d4a"},"headline":"&#8222;Ein Defi f\u00fcr Drendel&#8220; &#8211; Drendel-TV (Folge 1)","datePublished":"2023-03-17T05:54:25+00:00","dateModified":"2023-03-18T07:59:53+00:00","mainEntityOfPage":{"@id":"https:\/\/orendelsall.de\/index.php\/2023\/03\/17\/ein-defi-fuer-drendel-drendel-tv-folge-1\/"},"wordCount":184,"image":{"@id":"https:\/\/orendelsall.de\/index.php\/2023\/03\/17\/ein-defi-fuer-drendel-drendel-tv-folge-1\/#primaryimage"},"thumbnailUrl":"https:\/\/orendelsall.de\/wp-content\/uploads\/2023\/03\/PNG-Bild.png","articleSection":{"1":"News"},"inLanguage":"de"},{"@type":"WebPage","@id":"https:\/\/orendelsall.de\/index.php\/2023\/03\/17\/ein-defi-fuer-drendel-drendel-tv-folge-1\/","url":"https:\/\/orendelsall.de\/index.php\/2023\/03\/17\/ein-defi-fuer-drendel-drendel-tv-folge-1\/","name":"\"Ein Defi f\u00fcr Drendel\" - Drendel-TV (Folge 1) - Dorfgemeinschaft-Orendelsall","isPartOf":{"@id":"https:\/\/orendelsall.de\/#website"},"primaryImageOfPage":{"@id":"https:\/\/orendelsall.de\/index.php\/2023\/03\/17\/ein-defi-fuer-drendel-drendel-tv-folge-1\/#primaryimage"},"image":{"@id":"https:\/\/orendelsall.de\/index.php\/2023\/03\/17\/ein-defi-fuer-drendel-drendel-tv-folge-1\/#primaryimage"},"thumbnailUrl":"https:\/\/orendelsall.de\/wp-content\/uploads\/2023\/03\/PNG-Bild.png","datePublished":"2023-03-17T05:54:25+00:00","dateModified":"2023-03-18T07:59:53+00:00","author":{"@id":"https:\/\/orendelsall.de\/#\/schema\/person\/c54b3e14ac5437f4365ff276663c2d4a"},"breadcrumb":{"@id":"https:\/\/orendelsall.de\/index.php\/2023\/03\/17\/ein-defi-fuer-drendel-drendel-tv-folge-1\/#breadcrumb"},"inLanguage":"de","potentialAction":[{"@type":"ReadAction","target":["https:\/\/orendelsall.de\/index.php\/2023\/03\/17\/ein-defi-fuer-drendel-drendel-tv-folge-1\/"]}]},{"@type":"ImageObject","inLanguage":"de","@id":"https:\/\/orendelsall.de\/index.php\/2023\/03\/17\/ein-defi-fuer-drendel-drendel-tv-folge-1\/#primaryimage","url":"https:\/\/orendelsall.de\/wp-content\/uploads\/2023\/03\/PNG-Bild.png","contentUrl":"https:\/\/orendelsall.de\/wp-content\/uploads\/2023\/03\/PNG-Bild.png","width":1280,"height":1280},{"@type":"BreadcrumbList","@id":"https:\/\/orendelsall.de\/index.php\/2023\/03\/17\/ein-defi-fuer-drendel-drendel-tv-folge-1\/#breadcrumb","itemListElement":[{"@type":"ListItem","position":1,"name":"Startseite","item":"https:\/\/orendelsall.de\/"},{"@type":"ListItem","position":2,"name":"&#8222;Ein Defi f\u00fcr Drendel&#8220; &#8211; Drendel-TV (Folge 1)"}]},{"@type":"WebSite","@id":"https:\/\/orendelsall.de\/#website","url":"https:\/\/orendelsall.de\/","name":"Dorfgemeinschaft-Orendelsall","description":"","potentialAction":[{"@type":"SearchAction","target":{"@type":"EntryPoint","urlTemplate":"https:\/\/orendelsall.de\/?s={search_term_string}"},"query-input":{"@type":"PropertyValueSpecification","valueRequired":true,"valueName":"search_term_string"}}],"inLanguage":"de"},{"@type":"Person","@id":"https:\/\/orendelsall.de\/#\/schema\/person\/c54b3e14ac5437f4365ff276663c2d4a","name":"Dirk Schwarz","image":{"@type":"ImageObject","inLanguage":"de","@id":"https:\/\/secure.gravatar.com\/avatar\/a1b58cdeb3b146d97e923cfee2795934c7c5a14b9f6c449b3c1ec2dec2f7990e?s=96&d=mm&r=g","url":"https:\/\/secure.gravatar.com\/avatar\/a1b58cdeb3b146d97e923cfee2795934c7c5a14b9f6c449b3c1ec2dec2f7990e?s=96&d=mm&r=g","contentUrl":"https:\/\/secure.gravatar.com\/avatar\/a1b58cdeb3b146d97e923cfee2795934c7c5a14b9f6c449b3c1ec2dec2f7990e?s=96&d=mm&r=g","caption":"Dirk Schwarz"},"url":"https:\/\/orendelsall.de\/index.php\/author\/orendel_bride_1-4\/"}]}},"jetpack_featured_media_url":"https:\/\/orendelsall.de\/wp-content\/uploads\/2023\/03\/PNG-Bild.png","jetpack_sharing_enabled":true,"_links":{"self":[{"href":"https:\/\/orendelsall.de\/index.php\/wp-json\/wp\/v2\/posts\/202","targetHints":{"allow":["GET"]}}],"collection":[{"href":"https:\/\/orendelsall.de\/index.php\/wp-json\/wp\/v2\/posts"}],"about":[{"href":"https:\/\/orendelsall.de\/index.php\/wp-json\/wp\/v2\/types\/post"}],"author":[{"embeddable":true,"href":"https:\/\/orendelsall.de\/index.php\/wp-json\/wp\/v2\/users\/2"}],"replies":[{"embeddable":true,"href":"https:\/\/orendelsall.de\/index.php\/wp-json\/wp\/v2\/comments?post=202"}],"version-history":[{"count":11,"href":"https:\/\/orendelsall.de\/index.php\/wp-json\/wp\/v2\/posts\/202\/revisions"}],"predecessor-version":[{"id":221,"href":"https:\/\/orendelsall.de\/index.php\/wp-json\/wp\/v2\/posts\/202\/revisions\/221"}],"wp:featuredmedia":[{"embeddable":true,"href":"https:\/\/orendelsall.de\/index.php\/wp-json\/wp\/v2\/media\/206"}],"wp:attachment":[{"href":"https:\/\/orendelsall.de\/index.php\/wp-json\/wp\/v2\/media?parent=202"}],"wp:term":[{"taxonomy":"category","embeddable":true,"href":"https:\/\/orendelsall.de\/index.php\/wp-json\/wp\/v2\/categories?post=202"},{"taxonomy":"post_tag","embeddable":true,"href":"https:\/\/orendelsall.de\/index.php\/wp-json\/wp\/v2\/tags?post=202"}],"curies":[{"name":"wp","href":"https:\/\/api.w.org\/{rel}","templated":true}]}}