{"id":169,"date":"2023-02-24T11:22:43","date_gmt":"2023-02-24T10:22:43","guid":{"rendered":"https:\/\/orendelsall.de\/?p=169"},"modified":"2023-03-12T11:46:28","modified_gmt":"2023-03-12T10:46:28","slug":"kinderbibeltage-in-orendelsall-circus-talentino","status":"publish","type":"post","link":"https:\/\/orendelsall.de\/index.php\/2023\/02\/24\/kinderbibeltage-in-orendelsall-circus-talentino\/","title":{"rendered":"Kinderbibeltage in Orendelsall -Circus Talentino-"},"content":{"rendered":"<p style=\"text-align: center;\">Im Evangelischen Gemeindehaus Orendelsall<\/p>\n<p style=\"text-align: center;\">Freitag, 10. 03., 14:30 bis 17:30 Uhr<br \/>\nSamstag, 11. 03., 10:00 bis 16:00 Uhr (mit Mittagessen) )<br \/>\nSonntag, 12. 03., 10:00 Uhr Familiengottesdienst mit Auff\u00fchrung.<br \/>\nAnmeldungen sind nicht erforderlich!<br \/>\nF\u00fcr alle Kinder 6-12 Jahre!<\/p>\n<p style=\"text-align: center;\"><strong>Kuchenspenden werden dankbar entgegengenommen von Vicky Schmidgall, Telefon: 07948 941 9995!\u00a0 Weitere Infos: Pfarrer Markus Laidig, Telefon: 07947 314.<\/strong><\/p>\n<p><img loading=\"lazy\" decoding=\"async\" class=\"size-medium wp-image-171 alignleft\" src=\"https:\/\/orendelsall.de\/wp-content\/uploads\/2023\/02\/circus-3421797_1920-300x199.jpg\" alt=\"\" width=\"300\" height=\"199\" srcset=\"https:\/\/orendelsall.de\/wp-content\/uploads\/2023\/02\/circus-3421797_1920-300x199.jpg 300w, https:\/\/orendelsall.de\/wp-content\/uploads\/2023\/02\/circus-3421797_1920-1024x678.jpg 1024w, https:\/\/orendelsall.de\/wp-content\/uploads\/2023\/02\/circus-3421797_1920-768x509.jpg 768w, https:\/\/orendelsall.de\/wp-content\/uploads\/2023\/02\/circus-3421797_1920-1536x1018.jpg 1536w, https:\/\/orendelsall.de\/wp-content\/uploads\/2023\/02\/circus-3421797_1920.jpg 1920w\" sizes=\"auto, (max-width: 300px) 100vw, 300px\" \/>Die Christliche Zirkusschule kommt! Akrobatik, Jonglage, Drahtseil, Schwerterkiste und noch viel mehr. Die bunte Welt des Zirkus kommt. Bei unseren Zirkustagen gibt es viel Gelegenheit, die verschiedenen Zirkusdisziplinen auszuprobieren und Basisfertigkeiten zu erlernen. Echte Gemeinschaft erleben. Begabungen entdecken. Sich selbst m\u00f6gen. Miteinander stark sein. Kreative Ideen entwickeln. Im Mittelpunkt stehen. Mit Schwei\u00df und M\u00fche etwas erarbeiten. Das ist Zirkus. Und \u00fcberall darin erkennen wir Gottes Handschrift. Jeder von uns ist einzigartig geschaffen. Individuell begabt, geliebt und gewollt vom Sch\u00f6pfer des Universums. Wir sind keine Einzelk\u00e4mpfer, wir geh\u00f6ren zusammen und sind alle Kinder des lebendigen Gottes. Das alles wird beim Zirkus erlebbar. Gemeinsam mit Bettina Braun von der christlichen Zirkusschule und der evang. Gesamtkirchengemeinde Orendelsall k\u00f6nnt Ihr in die bunte Welt des Zirkus eintauchen, Neues entdecken und viel Spa\u00df haben.<\/p>\n","protected":false},"excerpt":{"rendered":"<p>Im Evangelischen Gemeindehaus Orendelsall Freitag, 10. 03., 14:30 bis 17:30 Uhr Samstag, 11. 03., 10:00 bis 16:00 Uhr (mit Mittagessen) ) Sonntag, 12. 03., 10:00 Uhr Familiengottesdienst mit Auff\u00fchrung. Anmeldungen sind nicht erforderlich! F\u00fcr&#46;&#46;&#46;<\/p>\n","protected":false},"author":2,"featured_media":170,"comment_status":"closed","ping_status":"open","sticky":false,"template":"","format":"standard","meta":{"_jetpack_memberships_contains_paid_content":false,"footnotes":""},"categories":[46],"tags":[],"class_list":["post-169","post","type-post","status-publish","format-standard","has-post-thumbnail","hentry","category-termine"],"yoast_head":"<!-- This site is optimized with the Yoast SEO plugin v27.5 - https:\/\/yoast.com\/product\/yoast-seo-wordpress\/ -->\n<title>Kinderbibeltage in Orendelsall -Circus Talentino- Dorfgemeinschaft-Orendelsall<\/title>\n<meta name=\"robots\" content=\"index, follow, max-snippet:-1, max-image-preview:large, max-video-preview:-1\" \/>\n<link rel=\"canonical\" href=\"https:\/\/orendelsall.de\/index.php\/2023\/02\/24\/kinderbibeltage-in-orendelsall-circus-talentino\/\" \/>\n<meta property=\"og:locale\" content=\"de_DE\" \/>\n<meta property=\"og:type\" content=\"article\" \/>\n<meta property=\"og:title\" content=\"Kinderbibeltage in Orendelsall -Circus Talentino- Dorfgemeinschaft-Orendelsall\" \/>\n<meta property=\"og:description\" content=\"Im Evangelischen Gemeindehaus Orendelsall Freitag, 10. 03., 14:30 bis 17:30 Uhr Samstag, 11. 03., 10:00 bis 16:00 Uhr (mit Mittagessen) ) Sonntag, 12. 03., 10:00 Uhr Familiengottesdienst mit Auff\u00fchrung. Anmeldungen sind nicht erforderlich! F\u00fcr&#046;&#046;&#046;\" \/>\n<meta property=\"og:url\" content=\"https:\/\/orendelsall.de\/index.php\/2023\/02\/24\/kinderbibeltage-in-orendelsall-circus-talentino\/\" \/>\n<meta property=\"og:site_name\" content=\"Dorfgemeinschaft-Orendelsall\" \/>\n<meta property=\"article:published_time\" content=\"2023-02-24T10:22:43+00:00\" \/>\n<meta property=\"article:modified_time\" content=\"2023-03-12T10:46:28+00:00\" \/>\n<meta property=\"og:image\" content=\"https:\/\/orendelsall.de\/wp-content\/uploads\/2023\/02\/jesus-5569573_1920.png\" \/>\n\t<meta property=\"og:image:width\" content=\"1920\" \/>\n\t<meta property=\"og:image:height\" content=\"1358\" \/>\n\t<meta property=\"og:image:type\" content=\"image\/png\" \/>\n<meta name=\"author\" content=\"Dirk Schwarz\" \/>\n<meta name=\"twitter:card\" content=\"summary_large_image\" \/>\n<meta name=\"twitter:label1\" content=\"Verfasst von\" \/>\n\t<meta name=\"twitter:data1\" content=\"Dirk Schwarz\" \/>\n\t<meta name=\"twitter:label2\" content=\"Gesch\u00e4tzte Lesezeit\" \/>\n\t<meta name=\"twitter:data2\" content=\"2\u00a0Minuten\" \/>\n<script type=\"application\/ld+json\" class=\"yoast-schema-graph\">{\"@context\":\"https:\\\/\\\/schema.org\",\"@graph\":[{\"@type\":\"Article\",\"@id\":\"https:\\\/\\\/orendelsall.de\\\/index.php\\\/2023\\\/02\\\/24\\\/kinderbibeltage-in-orendelsall-circus-talentino\\\/#article\",\"isPartOf\":{\"@id\":\"https:\\\/\\\/orendelsall.de\\\/index.php\\\/2023\\\/02\\\/24\\\/kinderbibeltage-in-orendelsall-circus-talentino\\\/\"},\"author\":{\"name\":\"Dirk Schwarz\",\"@id\":\"https:\\\/\\\/orendelsall.de\\\/#\\\/schema\\\/person\\\/c54b3e14ac5437f4365ff276663c2d4a\"},\"headline\":\"Kinderbibeltage in Orendelsall -Circus Talentino-\",\"datePublished\":\"2023-02-24T10:22:43+00:00\",\"dateModified\":\"2023-03-12T10:46:28+00:00\",\"mainEntityOfPage\":{\"@id\":\"https:\\\/\\\/orendelsall.de\\\/index.php\\\/2023\\\/02\\\/24\\\/kinderbibeltage-in-orendelsall-circus-talentino\\\/\"},\"wordCount\":182,\"image\":{\"@id\":\"https:\\\/\\\/orendelsall.de\\\/index.php\\\/2023\\\/02\\\/24\\\/kinderbibeltage-in-orendelsall-circus-talentino\\\/#primaryimage\"},\"thumbnailUrl\":\"https:\\\/\\\/orendelsall.de\\\/wp-content\\\/uploads\\\/2023\\\/02\\\/jesus-5569573_1920.png\",\"articleSection\":[\"Termine\"],\"inLanguage\":\"de\"},{\"@type\":\"WebPage\",\"@id\":\"https:\\\/\\\/orendelsall.de\\\/index.php\\\/2023\\\/02\\\/24\\\/kinderbibeltage-in-orendelsall-circus-talentino\\\/\",\"url\":\"https:\\\/\\\/orendelsall.de\\\/index.php\\\/2023\\\/02\\\/24\\\/kinderbibeltage-in-orendelsall-circus-talentino\\\/\",\"name\":\"Kinderbibeltage in Orendelsall -Circus Talentino- Dorfgemeinschaft-Orendelsall\",\"isPartOf\":{\"@id\":\"https:\\\/\\\/orendelsall.de\\\/#website\"},\"primaryImageOfPage\":{\"@id\":\"https:\\\/\\\/orendelsall.de\\\/index.php\\\/2023\\\/02\\\/24\\\/kinderbibeltage-in-orendelsall-circus-talentino\\\/#primaryimage\"},\"image\":{\"@id\":\"https:\\\/\\\/orendelsall.de\\\/index.php\\\/2023\\\/02\\\/24\\\/kinderbibeltage-in-orendelsall-circus-talentino\\\/#primaryimage\"},\"thumbnailUrl\":\"https:\\\/\\\/orendelsall.de\\\/wp-content\\\/uploads\\\/2023\\\/02\\\/jesus-5569573_1920.png\",\"datePublished\":\"2023-02-24T10:22:43+00:00\",\"dateModified\":\"2023-03-12T10:46:28+00:00\",\"author\":{\"@id\":\"https:\\\/\\\/orendelsall.de\\\/#\\\/schema\\\/person\\\/c54b3e14ac5437f4365ff276663c2d4a\"},\"breadcrumb\":{\"@id\":\"https:\\\/\\\/orendelsall.de\\\/index.php\\\/2023\\\/02\\\/24\\\/kinderbibeltage-in-orendelsall-circus-talentino\\\/#breadcrumb\"},\"inLanguage\":\"de\",\"potentialAction\":[{\"@type\":\"ReadAction\",\"target\":[\"https:\\\/\\\/orendelsall.de\\\/index.php\\\/2023\\\/02\\\/24\\\/kinderbibeltage-in-orendelsall-circus-talentino\\\/\"]}]},{\"@type\":\"ImageObject\",\"inLanguage\":\"de\",\"@id\":\"https:\\\/\\\/orendelsall.de\\\/index.php\\\/2023\\\/02\\\/24\\\/kinderbibeltage-in-orendelsall-circus-talentino\\\/#primaryimage\",\"url\":\"https:\\\/\\\/orendelsall.de\\\/wp-content\\\/uploads\\\/2023\\\/02\\\/jesus-5569573_1920.png\",\"contentUrl\":\"https:\\\/\\\/orendelsall.de\\\/wp-content\\\/uploads\\\/2023\\\/02\\\/jesus-5569573_1920.png\",\"width\":1920,\"height\":1358},{\"@type\":\"BreadcrumbList\",\"@id\":\"https:\\\/\\\/orendelsall.de\\\/index.php\\\/2023\\\/02\\\/24\\\/kinderbibeltage-in-orendelsall-circus-talentino\\\/#breadcrumb\",\"itemListElement\":[{\"@type\":\"ListItem\",\"position\":1,\"name\":\"Startseite\",\"item\":\"https:\\\/\\\/orendelsall.de\\\/\"},{\"@type\":\"ListItem\",\"position\":2,\"name\":\"Kinderbibeltage in Orendelsall -Circus Talentino-\"}]},{\"@type\":\"WebSite\",\"@id\":\"https:\\\/\\\/orendelsall.de\\\/#website\",\"url\":\"https:\\\/\\\/orendelsall.de\\\/\",\"name\":\"Dorfgemeinschaft-Orendelsall\",\"description\":\"\",\"potentialAction\":[{\"@type\":\"SearchAction\",\"target\":{\"@type\":\"EntryPoint\",\"urlTemplate\":\"https:\\\/\\\/orendelsall.de\\\/?s={search_term_string}\"},\"query-input\":{\"@type\":\"PropertyValueSpecification\",\"valueRequired\":true,\"valueName\":\"search_term_string\"}}],\"inLanguage\":\"de\"},{\"@type\":\"Person\",\"@id\":\"https:\\\/\\\/orendelsall.de\\\/#\\\/schema\\\/person\\\/c54b3e14ac5437f4365ff276663c2d4a\",\"name\":\"Dirk Schwarz\",\"image\":{\"@type\":\"ImageObject\",\"inLanguage\":\"de\",\"@id\":\"https:\\\/\\\/secure.gravatar.com\\\/avatar\\\/a1b58cdeb3b146d97e923cfee2795934c7c5a14b9f6c449b3c1ec2dec2f7990e?s=96&d=mm&r=g\",\"url\":\"https:\\\/\\\/secure.gravatar.com\\\/avatar\\\/a1b58cdeb3b146d97e923cfee2795934c7c5a14b9f6c449b3c1ec2dec2f7990e?s=96&d=mm&r=g\",\"contentUrl\":\"https:\\\/\\\/secure.gravatar.com\\\/avatar\\\/a1b58cdeb3b146d97e923cfee2795934c7c5a14b9f6c449b3c1ec2dec2f7990e?s=96&d=mm&r=g\",\"caption\":\"Dirk Schwarz\"},\"url\":\"https:\\\/\\\/orendelsall.de\\\/index.php\\\/author\\\/orendel_bride_1-4\\\/\"}]}<\/script>\n<!-- \/ Yoast SEO plugin. -->","yoast_head_json":{"title":"Kinderbibeltage in Orendelsall -Circus Talentino- Dorfgemeinschaft-Orendelsall","robots":{"index":"index","follow":"follow","max-snippet":"max-snippet:-1","max-image-preview":"max-image-preview:large","max-video-preview":"max-video-preview:-1"},"canonical":"https:\/\/orendelsall.de\/index.php\/2023\/02\/24\/kinderbibeltage-in-orendelsall-circus-talentino\/","og_locale":"de_DE","og_type":"article","og_title":"Kinderbibeltage in Orendelsall -Circus Talentino- Dorfgemeinschaft-Orendelsall","og_description":"Im Evangelischen Gemeindehaus Orendelsall Freitag, 10. 03., 14:30 bis 17:30 Uhr Samstag, 11. 03., 10:00 bis 16:00 Uhr (mit Mittagessen) ) Sonntag, 12. 03., 10:00 Uhr Familiengottesdienst mit Auff\u00fchrung. Anmeldungen sind nicht erforderlich! F\u00fcr&#46;&#46;&#46;","og_url":"https:\/\/orendelsall.de\/index.php\/2023\/02\/24\/kinderbibeltage-in-orendelsall-circus-talentino\/","og_site_name":"Dorfgemeinschaft-Orendelsall","article_published_time":"2023-02-24T10:22:43+00:00","article_modified_time":"2023-03-12T10:46:28+00:00","og_image":[{"width":1920,"height":1358,"url":"https:\/\/orendelsall.de\/wp-content\/uploads\/2023\/02\/jesus-5569573_1920.png","type":"image\/png"}],"author":"Dirk Schwarz","twitter_card":"summary_large_image","twitter_misc":{"Verfasst von":"Dirk Schwarz","Gesch\u00e4tzte Lesezeit":"2\u00a0Minuten"},"schema":{"@context":"https:\/\/schema.org","@graph":[{"@type":"Article","@id":"https:\/\/orendelsall.de\/index.php\/2023\/02\/24\/kinderbibeltage-in-orendelsall-circus-talentino\/#article","isPartOf":{"@id":"https:\/\/orendelsall.de\/index.php\/2023\/02\/24\/kinderbibeltage-in-orendelsall-circus-talentino\/"},"author":{"name":"Dirk Schwarz","@id":"https:\/\/orendelsall.de\/#\/schema\/person\/c54b3e14ac5437f4365ff276663c2d4a"},"headline":"Kinderbibeltage in Orendelsall -Circus Talentino-","datePublished":"2023-02-24T10:22:43+00:00","dateModified":"2023-03-12T10:46:28+00:00","mainEntityOfPage":{"@id":"https:\/\/orendelsall.de\/index.php\/2023\/02\/24\/kinderbibeltage-in-orendelsall-circus-talentino\/"},"wordCount":182,"image":{"@id":"https:\/\/orendelsall.de\/index.php\/2023\/02\/24\/kinderbibeltage-in-orendelsall-circus-talentino\/#primaryimage"},"thumbnailUrl":"https:\/\/orendelsall.de\/wp-content\/uploads\/2023\/02\/jesus-5569573_1920.png","articleSection":["Termine"],"inLanguage":"de"},{"@type":"WebPage","@id":"https:\/\/orendelsall.de\/index.php\/2023\/02\/24\/kinderbibeltage-in-orendelsall-circus-talentino\/","url":"https:\/\/orendelsall.de\/index.php\/2023\/02\/24\/kinderbibeltage-in-orendelsall-circus-talentino\/","name":"Kinderbibeltage in Orendelsall -Circus Talentino- Dorfgemeinschaft-Orendelsall","isPartOf":{"@id":"https:\/\/orendelsall.de\/#website"},"primaryImageOfPage":{"@id":"https:\/\/orendelsall.de\/index.php\/2023\/02\/24\/kinderbibeltage-in-orendelsall-circus-talentino\/#primaryimage"},"image":{"@id":"https:\/\/orendelsall.de\/index.php\/2023\/02\/24\/kinderbibeltage-in-orendelsall-circus-talentino\/#primaryimage"},"thumbnailUrl":"https:\/\/orendelsall.de\/wp-content\/uploads\/2023\/02\/jesus-5569573_1920.png","datePublished":"2023-02-24T10:22:43+00:00","dateModified":"2023-03-12T10:46:28+00:00","author":{"@id":"https:\/\/orendelsall.de\/#\/schema\/person\/c54b3e14ac5437f4365ff276663c2d4a"},"breadcrumb":{"@id":"https:\/\/orendelsall.de\/index.php\/2023\/02\/24\/kinderbibeltage-in-orendelsall-circus-talentino\/#breadcrumb"},"inLanguage":"de","potentialAction":[{"@type":"ReadAction","target":["https:\/\/orendelsall.de\/index.php\/2023\/02\/24\/kinderbibeltage-in-orendelsall-circus-talentino\/"]}]},{"@type":"ImageObject","inLanguage":"de","@id":"https:\/\/orendelsall.de\/index.php\/2023\/02\/24\/kinderbibeltage-in-orendelsall-circus-talentino\/#primaryimage","url":"https:\/\/orendelsall.de\/wp-content\/uploads\/2023\/02\/jesus-5569573_1920.png","contentUrl":"https:\/\/orendelsall.de\/wp-content\/uploads\/2023\/02\/jesus-5569573_1920.png","width":1920,"height":1358},{"@type":"BreadcrumbList","@id":"https:\/\/orendelsall.de\/index.php\/2023\/02\/24\/kinderbibeltage-in-orendelsall-circus-talentino\/#breadcrumb","itemListElement":[{"@type":"ListItem","position":1,"name":"Startseite","item":"https:\/\/orendelsall.de\/"},{"@type":"ListItem","position":2,"name":"Kinderbibeltage in Orendelsall -Circus Talentino-"}]},{"@type":"WebSite","@id":"https:\/\/orendelsall.de\/#website","url":"https:\/\/orendelsall.de\/","name":"Dorfgemeinschaft-Orendelsall","description":"","potentialAction":[{"@type":"SearchAction","target":{"@type":"EntryPoint","urlTemplate":"https:\/\/orendelsall.de\/?s={search_term_string}"},"query-input":{"@type":"PropertyValueSpecification","valueRequired":true,"valueName":"search_term_string"}}],"inLanguage":"de"},{"@type":"Person","@id":"https:\/\/orendelsall.de\/#\/schema\/person\/c54b3e14ac5437f4365ff276663c2d4a","name":"Dirk Schwarz","image":{"@type":"ImageObject","inLanguage":"de","@id":"https:\/\/secure.gravatar.com\/avatar\/a1b58cdeb3b146d97e923cfee2795934c7c5a14b9f6c449b3c1ec2dec2f7990e?s=96&d=mm&r=g","url":"https:\/\/secure.gravatar.com\/avatar\/a1b58cdeb3b146d97e923cfee2795934c7c5a14b9f6c449b3c1ec2dec2f7990e?s=96&d=mm&r=g","contentUrl":"https:\/\/secure.gravatar.com\/avatar\/a1b58cdeb3b146d97e923cfee2795934c7c5a14b9f6c449b3c1ec2dec2f7990e?s=96&d=mm&r=g","caption":"Dirk Schwarz"},"url":"https:\/\/orendelsall.de\/index.php\/author\/orendel_bride_1-4\/"}]}},"jetpack_featured_media_url":"https:\/\/orendelsall.de\/wp-content\/uploads\/2023\/02\/jesus-5569573_1920.png","jetpack_sharing_enabled":true,"_links":{"self":[{"href":"https:\/\/orendelsall.de\/index.php\/wp-json\/wp\/v2\/posts\/169","targetHints":{"allow":["GET"]}}],"collection":[{"href":"https:\/\/orendelsall.de\/index.php\/wp-json\/wp\/v2\/posts"}],"about":[{"href":"https:\/\/orendelsall.de\/index.php\/wp-json\/wp\/v2\/types\/post"}],"author":[{"embeddable":true,"href":"https:\/\/orendelsall.de\/index.php\/wp-json\/wp\/v2\/users\/2"}],"replies":[{"embeddable":true,"href":"https:\/\/orendelsall.de\/index.php\/wp-json\/wp\/v2\/comments?post=169"}],"version-history":[{"count":2,"href":"https:\/\/orendelsall.de\/index.php\/wp-json\/wp\/v2\/posts\/169\/revisions"}],"predecessor-version":[{"id":173,"href":"https:\/\/orendelsall.de\/index.php\/wp-json\/wp\/v2\/posts\/169\/revisions\/173"}],"wp:featuredmedia":[{"embeddable":true,"href":"https:\/\/orendelsall.de\/index.php\/wp-json\/wp\/v2\/media\/170"}],"wp:attachment":[{"href":"https:\/\/orendelsall.de\/index.php\/wp-json\/wp\/v2\/media?parent=169"}],"wp:term":[{"taxonomy":"category","embeddable":true,"href":"https:\/\/orendelsall.de\/index.php\/wp-json\/wp\/v2\/categories?post=169"},{"taxonomy":"post_tag","embeddable":true,"href":"https:\/\/orendelsall.de\/index.php\/wp-json\/wp\/v2\/tags?post=169"}],"curies":[{"name":"wp","href":"https:\/\/api.w.org\/{rel}","templated":true}]}}