{"id":155,"date":"2023-03-03T23:38:51","date_gmt":"2023-03-03T22:38:51","guid":{"rendered":"https:\/\/orendelsall.de\/?p=155"},"modified":"2023-04-18T13:37:38","modified_gmt":"2023-04-18T11:37:38","slug":"verlaengerung-spieleabend-am-11-3-2023","status":"publish","type":"post","link":"https:\/\/orendelsall.de\/index.php\/2023\/03\/03\/verlaengerung-spieleabend-am-11-3-2023\/","title":{"rendered":"VERL\u00c4NGERUNG!!! Spieleabend am 11.3.2023"},"content":{"rendered":"<p><strong><img loading=\"lazy\" decoding=\"async\" class=\"size-medium wp-image-156 alignleft\" src=\"https:\/\/orendelsall.de\/wp-content\/uploads\/2023\/02\/B7C2DA8E-AEFC-4CAD-8596-DB07C75C7306-300x200.jpeg\" alt=\"\" width=\"300\" height=\"200\" srcset=\"https:\/\/orendelsall.de\/wp-content\/uploads\/2023\/02\/B7C2DA8E-AEFC-4CAD-8596-DB07C75C7306-300x200.jpeg 300w, https:\/\/orendelsall.de\/wp-content\/uploads\/2023\/02\/B7C2DA8E-AEFC-4CAD-8596-DB07C75C7306-1024x683.jpeg 1024w, https:\/\/orendelsall.de\/wp-content\/uploads\/2023\/02\/B7C2DA8E-AEFC-4CAD-8596-DB07C75C7306-768x512.jpeg 768w, https:\/\/orendelsall.de\/wp-content\/uploads\/2023\/02\/B7C2DA8E-AEFC-4CAD-8596-DB07C75C7306-1536x1024.jpeg 1536w, https:\/\/orendelsall.de\/wp-content\/uploads\/2023\/02\/B7C2DA8E-AEFC-4CAD-8596-DB07C75C7306.jpeg 1920w\" sizes=\"auto, (max-width: 300px) 100vw, 300px\" \/>Am 11. M\u00e4rz\u00a0<\/strong>findet der (wirklich) letzte <strong>Spieleabend<\/strong> f\u00fcr das erste Halbjahr 2023 statt. Wir treffen uns <strong>um 19.30 Uhr<\/strong> im Feuerwehrhaus Orendelsall zum gem\u00fctlichen Austausch und nat\u00fcrlich zum SPIELEN!<\/p>\n<p>Es wird bestimmt die obligatorische Binokelrunde geben. Aber es sind auch alle anderen Arten von Brettspielen und Kartenspielen gerne gesehen.<\/p>\n<p>Getr\u00e4nke und Butterbrezeln gibt es zum Selbstkostenpreis!<\/p>\n<p>Wir freuen uns auf jeden neuen und alten Spieler!<\/p>\n","protected":false},"excerpt":{"rendered":"<p>Am 11. M\u00e4rz\u00a0findet der (wirklich) letzte Spieleabend f\u00fcr das erste Halbjahr 2023 statt. Wir treffen uns um 19.30 Uhr im Feuerwehrhaus Orendelsall zum gem\u00fctlichen Austausch und nat\u00fcrlich zum SPIELEN! Es wird bestimmt die obligatorische&#46;&#46;&#46;<\/p>\n","protected":false},"author":2,"featured_media":156,"comment_status":"closed","ping_status":"open","sticky":false,"template":"","format":"standard","meta":{"_jetpack_memberships_contains_paid_content":false,"footnotes":""},"categories":[46],"tags":[],"class_list":["post-155","post","type-post","status-publish","format-standard","has-post-thumbnail","hentry","category-termine"],"yoast_head":"<!-- This site is optimized with the Yoast SEO plugin v27.5 - https:\/\/yoast.com\/product\/yoast-seo-wordpress\/ -->\n<title>VERL\u00c4NGERUNG!!! Spieleabend am 11.3.2023 - Dorfgemeinschaft-Orendelsall<\/title>\n<meta name=\"robots\" content=\"index, follow, max-snippet:-1, max-image-preview:large, max-video-preview:-1\" \/>\n<link rel=\"canonical\" href=\"https:\/\/orendelsall.de\/index.php\/2023\/03\/03\/verlaengerung-spieleabend-am-11-3-2023\/\" \/>\n<meta property=\"og:locale\" content=\"de_DE\" \/>\n<meta property=\"og:type\" content=\"article\" \/>\n<meta property=\"og:title\" content=\"VERL\u00c4NGERUNG!!! Spieleabend am 11.3.2023 - Dorfgemeinschaft-Orendelsall\" \/>\n<meta property=\"og:description\" content=\"Am 11. M\u00e4rz\u00a0findet der (wirklich) letzte Spieleabend f\u00fcr das erste Halbjahr 2023 statt. Wir treffen uns um 19.30 Uhr im Feuerwehrhaus Orendelsall zum gem\u00fctlichen Austausch und nat\u00fcrlich zum SPIELEN! Es wird bestimmt die obligatorische&#046;&#046;&#046;\" \/>\n<meta property=\"og:url\" content=\"https:\/\/orendelsall.de\/index.php\/2023\/03\/03\/verlaengerung-spieleabend-am-11-3-2023\/\" \/>\n<meta property=\"og:site_name\" content=\"Dorfgemeinschaft-Orendelsall\" \/>\n<meta property=\"article:published_time\" content=\"2023-03-03T22:38:51+00:00\" \/>\n<meta property=\"article:modified_time\" content=\"2023-04-18T11:37:38+00:00\" \/>\n<meta property=\"og:image\" content=\"https:\/\/orendelsall.de\/wp-content\/uploads\/2023\/02\/B7C2DA8E-AEFC-4CAD-8596-DB07C75C7306.jpeg\" \/>\n\t<meta property=\"og:image:width\" content=\"1920\" \/>\n\t<meta property=\"og:image:height\" content=\"1280\" \/>\n\t<meta property=\"og:image:type\" content=\"image\/jpeg\" \/>\n<meta name=\"author\" content=\"Dirk Schwarz\" \/>\n<meta name=\"twitter:card\" content=\"summary_large_image\" \/>\n<meta name=\"twitter:label1\" content=\"Verfasst von\" \/>\n\t<meta name=\"twitter:data1\" content=\"Dirk Schwarz\" \/>\n\t<meta name=\"twitter:label2\" content=\"Gesch\u00e4tzte Lesezeit\" \/>\n\t<meta name=\"twitter:data2\" content=\"1\u00a0Minute\" \/>\n<script type=\"application\/ld+json\" class=\"yoast-schema-graph\">{\"@context\":\"https:\\\/\\\/schema.org\",\"@graph\":[{\"@type\":\"Article\",\"@id\":\"https:\\\/\\\/orendelsall.de\\\/index.php\\\/2023\\\/03\\\/03\\\/verlaengerung-spieleabend-am-11-3-2023\\\/#article\",\"isPartOf\":{\"@id\":\"https:\\\/\\\/orendelsall.de\\\/index.php\\\/2023\\\/03\\\/03\\\/verlaengerung-spieleabend-am-11-3-2023\\\/\"},\"author\":{\"name\":\"Dirk Schwarz\",\"@id\":\"https:\\\/\\\/orendelsall.de\\\/#\\\/schema\\\/person\\\/c54b3e14ac5437f4365ff276663c2d4a\"},\"headline\":\"VERL\u00c4NGERUNG!!! Spieleabend am 11.3.2023\",\"datePublished\":\"2023-03-03T22:38:51+00:00\",\"dateModified\":\"2023-04-18T11:37:38+00:00\",\"mainEntityOfPage\":{\"@id\":\"https:\\\/\\\/orendelsall.de\\\/index.php\\\/2023\\\/03\\\/03\\\/verlaengerung-spieleabend-am-11-3-2023\\\/\"},\"wordCount\":72,\"image\":{\"@id\":\"https:\\\/\\\/orendelsall.de\\\/index.php\\\/2023\\\/03\\\/03\\\/verlaengerung-spieleabend-am-11-3-2023\\\/#primaryimage\"},\"thumbnailUrl\":\"https:\\\/\\\/orendelsall.de\\\/wp-content\\\/uploads\\\/2023\\\/02\\\/B7C2DA8E-AEFC-4CAD-8596-DB07C75C7306.jpeg\",\"articleSection\":[\"Termine\"],\"inLanguage\":\"de\"},{\"@type\":\"WebPage\",\"@id\":\"https:\\\/\\\/orendelsall.de\\\/index.php\\\/2023\\\/03\\\/03\\\/verlaengerung-spieleabend-am-11-3-2023\\\/\",\"url\":\"https:\\\/\\\/orendelsall.de\\\/index.php\\\/2023\\\/03\\\/03\\\/verlaengerung-spieleabend-am-11-3-2023\\\/\",\"name\":\"VERL\u00c4NGERUNG!!! Spieleabend am 11.3.2023 - Dorfgemeinschaft-Orendelsall\",\"isPartOf\":{\"@id\":\"https:\\\/\\\/orendelsall.de\\\/#website\"},\"primaryImageOfPage\":{\"@id\":\"https:\\\/\\\/orendelsall.de\\\/index.php\\\/2023\\\/03\\\/03\\\/verlaengerung-spieleabend-am-11-3-2023\\\/#primaryimage\"},\"image\":{\"@id\":\"https:\\\/\\\/orendelsall.de\\\/index.php\\\/2023\\\/03\\\/03\\\/verlaengerung-spieleabend-am-11-3-2023\\\/#primaryimage\"},\"thumbnailUrl\":\"https:\\\/\\\/orendelsall.de\\\/wp-content\\\/uploads\\\/2023\\\/02\\\/B7C2DA8E-AEFC-4CAD-8596-DB07C75C7306.jpeg\",\"datePublished\":\"2023-03-03T22:38:51+00:00\",\"dateModified\":\"2023-04-18T11:37:38+00:00\",\"author\":{\"@id\":\"https:\\\/\\\/orendelsall.de\\\/#\\\/schema\\\/person\\\/c54b3e14ac5437f4365ff276663c2d4a\"},\"breadcrumb\":{\"@id\":\"https:\\\/\\\/orendelsall.de\\\/index.php\\\/2023\\\/03\\\/03\\\/verlaengerung-spieleabend-am-11-3-2023\\\/#breadcrumb\"},\"inLanguage\":\"de\",\"potentialAction\":[{\"@type\":\"ReadAction\",\"target\":[\"https:\\\/\\\/orendelsall.de\\\/index.php\\\/2023\\\/03\\\/03\\\/verlaengerung-spieleabend-am-11-3-2023\\\/\"]}]},{\"@type\":\"ImageObject\",\"inLanguage\":\"de\",\"@id\":\"https:\\\/\\\/orendelsall.de\\\/index.php\\\/2023\\\/03\\\/03\\\/verlaengerung-spieleabend-am-11-3-2023\\\/#primaryimage\",\"url\":\"https:\\\/\\\/orendelsall.de\\\/wp-content\\\/uploads\\\/2023\\\/02\\\/B7C2DA8E-AEFC-4CAD-8596-DB07C75C7306.jpeg\",\"contentUrl\":\"https:\\\/\\\/orendelsall.de\\\/wp-content\\\/uploads\\\/2023\\\/02\\\/B7C2DA8E-AEFC-4CAD-8596-DB07C75C7306.jpeg\",\"width\":1920,\"height\":1280},{\"@type\":\"BreadcrumbList\",\"@id\":\"https:\\\/\\\/orendelsall.de\\\/index.php\\\/2023\\\/03\\\/03\\\/verlaengerung-spieleabend-am-11-3-2023\\\/#breadcrumb\",\"itemListElement\":[{\"@type\":\"ListItem\",\"position\":1,\"name\":\"Startseite\",\"item\":\"https:\\\/\\\/orendelsall.de\\\/\"},{\"@type\":\"ListItem\",\"position\":2,\"name\":\"VERL\u00c4NGERUNG!!! Spieleabend am 11.3.2023\"}]},{\"@type\":\"WebSite\",\"@id\":\"https:\\\/\\\/orendelsall.de\\\/#website\",\"url\":\"https:\\\/\\\/orendelsall.de\\\/\",\"name\":\"Dorfgemeinschaft-Orendelsall\",\"description\":\"\",\"potentialAction\":[{\"@type\":\"SearchAction\",\"target\":{\"@type\":\"EntryPoint\",\"urlTemplate\":\"https:\\\/\\\/orendelsall.de\\\/?s={search_term_string}\"},\"query-input\":{\"@type\":\"PropertyValueSpecification\",\"valueRequired\":true,\"valueName\":\"search_term_string\"}}],\"inLanguage\":\"de\"},{\"@type\":\"Person\",\"@id\":\"https:\\\/\\\/orendelsall.de\\\/#\\\/schema\\\/person\\\/c54b3e14ac5437f4365ff276663c2d4a\",\"name\":\"Dirk Schwarz\",\"image\":{\"@type\":\"ImageObject\",\"inLanguage\":\"de\",\"@id\":\"https:\\\/\\\/secure.gravatar.com\\\/avatar\\\/a1b58cdeb3b146d97e923cfee2795934c7c5a14b9f6c449b3c1ec2dec2f7990e?s=96&d=mm&r=g\",\"url\":\"https:\\\/\\\/secure.gravatar.com\\\/avatar\\\/a1b58cdeb3b146d97e923cfee2795934c7c5a14b9f6c449b3c1ec2dec2f7990e?s=96&d=mm&r=g\",\"contentUrl\":\"https:\\\/\\\/secure.gravatar.com\\\/avatar\\\/a1b58cdeb3b146d97e923cfee2795934c7c5a14b9f6c449b3c1ec2dec2f7990e?s=96&d=mm&r=g\",\"caption\":\"Dirk Schwarz\"},\"url\":\"https:\\\/\\\/orendelsall.de\\\/index.php\\\/author\\\/orendel_bride_1-4\\\/\"}]}<\/script>\n<!-- \/ Yoast SEO plugin. -->","yoast_head_json":{"title":"VERL\u00c4NGERUNG!!! Spieleabend am 11.3.2023 - Dorfgemeinschaft-Orendelsall","robots":{"index":"index","follow":"follow","max-snippet":"max-snippet:-1","max-image-preview":"max-image-preview:large","max-video-preview":"max-video-preview:-1"},"canonical":"https:\/\/orendelsall.de\/index.php\/2023\/03\/03\/verlaengerung-spieleabend-am-11-3-2023\/","og_locale":"de_DE","og_type":"article","og_title":"VERL\u00c4NGERUNG!!! Spieleabend am 11.3.2023 - Dorfgemeinschaft-Orendelsall","og_description":"Am 11. M\u00e4rz\u00a0findet der (wirklich) letzte Spieleabend f\u00fcr das erste Halbjahr 2023 statt. Wir treffen uns um 19.30 Uhr im Feuerwehrhaus Orendelsall zum gem\u00fctlichen Austausch und nat\u00fcrlich zum SPIELEN! Es wird bestimmt die obligatorische&#46;&#46;&#46;","og_url":"https:\/\/orendelsall.de\/index.php\/2023\/03\/03\/verlaengerung-spieleabend-am-11-3-2023\/","og_site_name":"Dorfgemeinschaft-Orendelsall","article_published_time":"2023-03-03T22:38:51+00:00","article_modified_time":"2023-04-18T11:37:38+00:00","og_image":[{"width":1920,"height":1280,"url":"https:\/\/orendelsall.de\/wp-content\/uploads\/2023\/02\/B7C2DA8E-AEFC-4CAD-8596-DB07C75C7306.jpeg","type":"image\/jpeg"}],"author":"Dirk Schwarz","twitter_card":"summary_large_image","twitter_misc":{"Verfasst von":"Dirk Schwarz","Gesch\u00e4tzte Lesezeit":"1\u00a0Minute"},"schema":{"@context":"https:\/\/schema.org","@graph":[{"@type":"Article","@id":"https:\/\/orendelsall.de\/index.php\/2023\/03\/03\/verlaengerung-spieleabend-am-11-3-2023\/#article","isPartOf":{"@id":"https:\/\/orendelsall.de\/index.php\/2023\/03\/03\/verlaengerung-spieleabend-am-11-3-2023\/"},"author":{"name":"Dirk Schwarz","@id":"https:\/\/orendelsall.de\/#\/schema\/person\/c54b3e14ac5437f4365ff276663c2d4a"},"headline":"VERL\u00c4NGERUNG!!! Spieleabend am 11.3.2023","datePublished":"2023-03-03T22:38:51+00:00","dateModified":"2023-04-18T11:37:38+00:00","mainEntityOfPage":{"@id":"https:\/\/orendelsall.de\/index.php\/2023\/03\/03\/verlaengerung-spieleabend-am-11-3-2023\/"},"wordCount":72,"image":{"@id":"https:\/\/orendelsall.de\/index.php\/2023\/03\/03\/verlaengerung-spieleabend-am-11-3-2023\/#primaryimage"},"thumbnailUrl":"https:\/\/orendelsall.de\/wp-content\/uploads\/2023\/02\/B7C2DA8E-AEFC-4CAD-8596-DB07C75C7306.jpeg","articleSection":["Termine"],"inLanguage":"de"},{"@type":"WebPage","@id":"https:\/\/orendelsall.de\/index.php\/2023\/03\/03\/verlaengerung-spieleabend-am-11-3-2023\/","url":"https:\/\/orendelsall.de\/index.php\/2023\/03\/03\/verlaengerung-spieleabend-am-11-3-2023\/","name":"VERL\u00c4NGERUNG!!! Spieleabend am 11.3.2023 - Dorfgemeinschaft-Orendelsall","isPartOf":{"@id":"https:\/\/orendelsall.de\/#website"},"primaryImageOfPage":{"@id":"https:\/\/orendelsall.de\/index.php\/2023\/03\/03\/verlaengerung-spieleabend-am-11-3-2023\/#primaryimage"},"image":{"@id":"https:\/\/orendelsall.de\/index.php\/2023\/03\/03\/verlaengerung-spieleabend-am-11-3-2023\/#primaryimage"},"thumbnailUrl":"https:\/\/orendelsall.de\/wp-content\/uploads\/2023\/02\/B7C2DA8E-AEFC-4CAD-8596-DB07C75C7306.jpeg","datePublished":"2023-03-03T22:38:51+00:00","dateModified":"2023-04-18T11:37:38+00:00","author":{"@id":"https:\/\/orendelsall.de\/#\/schema\/person\/c54b3e14ac5437f4365ff276663c2d4a"},"breadcrumb":{"@id":"https:\/\/orendelsall.de\/index.php\/2023\/03\/03\/verlaengerung-spieleabend-am-11-3-2023\/#breadcrumb"},"inLanguage":"de","potentialAction":[{"@type":"ReadAction","target":["https:\/\/orendelsall.de\/index.php\/2023\/03\/03\/verlaengerung-spieleabend-am-11-3-2023\/"]}]},{"@type":"ImageObject","inLanguage":"de","@id":"https:\/\/orendelsall.de\/index.php\/2023\/03\/03\/verlaengerung-spieleabend-am-11-3-2023\/#primaryimage","url":"https:\/\/orendelsall.de\/wp-content\/uploads\/2023\/02\/B7C2DA8E-AEFC-4CAD-8596-DB07C75C7306.jpeg","contentUrl":"https:\/\/orendelsall.de\/wp-content\/uploads\/2023\/02\/B7C2DA8E-AEFC-4CAD-8596-DB07C75C7306.jpeg","width":1920,"height":1280},{"@type":"BreadcrumbList","@id":"https:\/\/orendelsall.de\/index.php\/2023\/03\/03\/verlaengerung-spieleabend-am-11-3-2023\/#breadcrumb","itemListElement":[{"@type":"ListItem","position":1,"name":"Startseite","item":"https:\/\/orendelsall.de\/"},{"@type":"ListItem","position":2,"name":"VERL\u00c4NGERUNG!!! Spieleabend am 11.3.2023"}]},{"@type":"WebSite","@id":"https:\/\/orendelsall.de\/#website","url":"https:\/\/orendelsall.de\/","name":"Dorfgemeinschaft-Orendelsall","description":"","potentialAction":[{"@type":"SearchAction","target":{"@type":"EntryPoint","urlTemplate":"https:\/\/orendelsall.de\/?s={search_term_string}"},"query-input":{"@type":"PropertyValueSpecification","valueRequired":true,"valueName":"search_term_string"}}],"inLanguage":"de"},{"@type":"Person","@id":"https:\/\/orendelsall.de\/#\/schema\/person\/c54b3e14ac5437f4365ff276663c2d4a","name":"Dirk Schwarz","image":{"@type":"ImageObject","inLanguage":"de","@id":"https:\/\/secure.gravatar.com\/avatar\/a1b58cdeb3b146d97e923cfee2795934c7c5a14b9f6c449b3c1ec2dec2f7990e?s=96&d=mm&r=g","url":"https:\/\/secure.gravatar.com\/avatar\/a1b58cdeb3b146d97e923cfee2795934c7c5a14b9f6c449b3c1ec2dec2f7990e?s=96&d=mm&r=g","contentUrl":"https:\/\/secure.gravatar.com\/avatar\/a1b58cdeb3b146d97e923cfee2795934c7c5a14b9f6c449b3c1ec2dec2f7990e?s=96&d=mm&r=g","caption":"Dirk Schwarz"},"url":"https:\/\/orendelsall.de\/index.php\/author\/orendel_bride_1-4\/"}]}},"jetpack_featured_media_url":"https:\/\/orendelsall.de\/wp-content\/uploads\/2023\/02\/B7C2DA8E-AEFC-4CAD-8596-DB07C75C7306.jpeg","jetpack_sharing_enabled":true,"_links":{"self":[{"href":"https:\/\/orendelsall.de\/index.php\/wp-json\/wp\/v2\/posts\/155","targetHints":{"allow":["GET"]}}],"collection":[{"href":"https:\/\/orendelsall.de\/index.php\/wp-json\/wp\/v2\/posts"}],"about":[{"href":"https:\/\/orendelsall.de\/index.php\/wp-json\/wp\/v2\/types\/post"}],"author":[{"embeddable":true,"href":"https:\/\/orendelsall.de\/index.php\/wp-json\/wp\/v2\/users\/2"}],"replies":[{"embeddable":true,"href":"https:\/\/orendelsall.de\/index.php\/wp-json\/wp\/v2\/comments?post=155"}],"version-history":[{"count":3,"href":"https:\/\/orendelsall.de\/index.php\/wp-json\/wp\/v2\/posts\/155\/revisions"}],"predecessor-version":[{"id":159,"href":"https:\/\/orendelsall.de\/index.php\/wp-json\/wp\/v2\/posts\/155\/revisions\/159"}],"wp:featuredmedia":[{"embeddable":true,"href":"https:\/\/orendelsall.de\/index.php\/wp-json\/wp\/v2\/media\/156"}],"wp:attachment":[{"href":"https:\/\/orendelsall.de\/index.php\/wp-json\/wp\/v2\/media?parent=155"}],"wp:term":[{"taxonomy":"category","embeddable":true,"href":"https:\/\/orendelsall.de\/index.php\/wp-json\/wp\/v2\/categories?post=155"},{"taxonomy":"post_tag","embeddable":true,"href":"https:\/\/orendelsall.de\/index.php\/wp-json\/wp\/v2\/tags?post=155"}],"curies":[{"name":"wp","href":"https:\/\/api.w.org\/{rel}","templated":true}]}}